{"id":12527,"date":"2025-10-12T18:32:32","date_gmt":"2025-10-12T16:32:32","guid":{"rendered":"https:\/\/www.lak-vorarlberg.at\/?p=12527"},"modified":"2025-12-27T14:40:16","modified_gmt":"2025-12-27T13:40:16","slug":"ehrungsfeier-2025","status":"publish","type":"post","link":"https:\/\/www.lak-vorarlberg.at\/index.php\/2025\/10\/12\/ehrungsfeier-2025\/","title":{"rendered":"Ehrungsfeier 2025"},"content":{"rendered":"<div id=\"pl-gb12527-69ef5e3007b2f\"  class=\"panel-layout\" ><div id=\"pg-gb12527-69ef5e3007b2f-0\"  class=\"panel-grid panel-no-style\" ><div id=\"pgc-gb12527-69ef5e3007b2f-0-0\"  class=\"panel-grid-cell\" ><div id=\"panel-gb12527-69ef5e3007b2f-0-0-0\" class=\"so-panel widget widget_sow-editor panel-first-child panel-last-child\" data-index=\"0\" ><div\n\t\t\t\n\t\t\tclass=\"so-widget-sow-editor so-widget-sow-editor-base\"\n\t\t\t\n\t\t>\n<div class=\"siteorigin-widget-tinymce textwidget\">\n\t<p>Im Rahmen einer w\u00fcrdigen Feier wurden am Mittwoch, den 1. Oktober im Gasthof Mohren in Rankweil langj\u00e4hrige Kammermitglieder f\u00fcr ihre T\u00e4tigkeit in der Land- und Forstwirtschaft ausgezeichnet.<\/p>\n<p>&nbsp;<\/p>\n<p>Vizepr\u00e4sident DI Hubert Malin und die KR Elisa Schlachter und KR Ing. Elmar N\u00f6ckl \u00fcbergaben Urkunden und Treuepr\u00e4mien an 27 verdiente Dienstnehmer\/-innen. Vizepr\u00e4sident Malin stellte die Geehrten jeweils in kurzer Form vor und umriss deren Werdegang mit treffenden Worten.<\/p>\n<\/div>\n<\/div><\/div><\/div><\/div><\/div>\n\n\nngg_shortcode_0_placeholder\n","protected":false},"excerpt":{"rendered":"<p>Im Rahmen einer w\u00fcrdigen Feier wurden am Mittwoch, den 1. Oktober im Gasthof Mohren in Rankweil langj\u00e4hrige Kammermitglieder f\u00fcr ihre T\u00e4tigkeit in der Land- und Forstwirtschaft ausgezeichnet. &nbsp; Vizepr\u00e4sident DI Hubert Malin und die KR Elisa Schlachter und KR Ing. Elmar N\u00f6ckl \u00fcbergaben Urkunden und Treuepr\u00e4mien an 27 verdiente Dienstnehmer\/-innen. Vizepr\u00e4sident Malin stellte die Geehrten [&hellip;]<\/p>\n","protected":false},"author":2,"featured_media":12542,"comment_status":"open","ping_status":"open","sticky":false,"template":"","format":"standard","meta":{"ngg_post_thumbnail":0,"footnotes":""},"categories":[1],"tags":[],"class_list":["post-12527","post","type-post","status-publish","format-standard","has-post-thumbnail","hentry","category-allgemein"],"_links":{"self":[{"href":"https:\/\/www.lak-vorarlberg.at\/index.php\/wp-json\/wp\/v2\/posts\/12527","targetHints":{"allow":["GET"]}}],"collection":[{"href":"https:\/\/www.lak-vorarlberg.at\/index.php\/wp-json\/wp\/v2\/posts"}],"about":[{"href":"https:\/\/www.lak-vorarlberg.at\/index.php\/wp-json\/wp\/v2\/types\/post"}],"author":[{"embeddable":true,"href":"https:\/\/www.lak-vorarlberg.at\/index.php\/wp-json\/wp\/v2\/users\/2"}],"replies":[{"embeddable":true,"href":"https:\/\/www.lak-vorarlberg.at\/index.php\/wp-json\/wp\/v2\/comments?post=12527"}],"version-history":[{"count":5,"href":"https:\/\/www.lak-vorarlberg.at\/index.php\/wp-json\/wp\/v2\/posts\/12527\/revisions"}],"predecessor-version":[{"id":12543,"href":"https:\/\/www.lak-vorarlberg.at\/index.php\/wp-json\/wp\/v2\/posts\/12527\/revisions\/12543"}],"wp:featuredmedia":[{"embeddable":true,"href":"https:\/\/www.lak-vorarlberg.at\/index.php\/wp-json\/wp\/v2\/media\/12542"}],"wp:attachment":[{"href":"https:\/\/www.lak-vorarlberg.at\/index.php\/wp-json\/wp\/v2\/media?parent=12527"}],"wp:term":[{"taxonomy":"category","embeddable":true,"href":"https:\/\/www.lak-vorarlberg.at\/index.php\/wp-json\/wp\/v2\/categories?post=12527"},{"taxonomy":"post_tag","embeddable":true,"href":"https:\/\/www.lak-vorarlberg.at\/index.php\/wp-json\/wp\/v2\/tags?post=12527"}],"curies":[{"name":"wp","href":"https:\/\/api.w.org\/{rel}","templated":true}]}}