{"id":12120,"date":"2024-12-24T09:41:53","date_gmt":"2024-12-24T08:41:53","guid":{"rendered":"https:\/\/www.lak-vorarlberg.at\/?p=12120"},"modified":"2025-10-13T18:23:47","modified_gmt":"2025-10-13T16:23:47","slug":"kollektivvertraege-2025","status":"publish","type":"post","link":"https:\/\/www.lak-vorarlberg.at\/index.php\/2024\/12\/24\/kollektivvertraege-2025\/","title":{"rendered":"Kollektivvertr\u00e4ge 2025"},"content":{"rendered":"<div id=\"pl-gb12120-69f3157191140\"  class=\"panel-layout\" ><div id=\"pg-gb12120-69f3157191140-0\"  class=\"panel-grid panel-no-style\" ><div id=\"pgc-gb12120-69f3157191140-0-0\"  class=\"panel-grid-cell\" ><div id=\"panel-gb12120-69f3157191140-0-0-0\" class=\"so-panel widget widget_sow-editor panel-first-child panel-last-child\" data-index=\"0\" ><div\n\t\t\t\n\t\t\tclass=\"so-widget-sow-editor so-widget-sow-editor-base\"\n\t\t\t\n\t\t>\n<div class=\"siteorigin-widget-tinymce textwidget\">\n\t<p><span style=\"color: #000000;\">Bei den KV Verhandlungen vom 21. Dezember wurde folgendes vereinbart:<\/span><!--more--><\/p>\n<p>&nbsp;<\/p>\n<p><span style=\"color: #000000;\"><b>R\u00fcckwirkend g\u00fcltig ab 1.1.2024:<\/b><\/span><\/p>\n<p><span style=\"color: #000000;\">Zusatzkollektivvertrag zur <strong>beitragsfreien Mitarbeiterpr\u00e4mie<\/strong> f\u00fcr die<\/span><\/p>\n<p><span style=\"color: #000000;\">Gutsangestellten, Sennereien, Forstbetriebe, Landarbeiter und den Gartenbau.<\/span><\/p>\n<p>&nbsp;<\/p>\n<p><span style=\"color: #000000;\"><b>Mit G\u00fcltigkeit ab 1.1.2025:<\/b><\/span><\/p>\n<ul>\n<li><span style=\"color: #000000;\">&nbsp;&nbsp;&nbsp; Erh\u00f6hung der KV L\u00f6hne sowie der Geh\u00e4lter und Lehrlingseinkommen der Gutsangestellten, Landarbeiter, G\u00e4rtner, Forstarbeiter und Sennen um <strong>3,50 %<\/strong>.<\/span><\/li>\n<li><span style=\"color: #000000;\">&nbsp;&nbsp;&nbsp; Erh\u00f6hung der Zulagen und Pauschalen der Gutsangestellten, Landarbeiter, G\u00e4rtner, Forstarbeiter und Sennen um 3,50 %.<\/span><\/li>\n<li><span style=\"color: #000000;\">&nbsp; &nbsp; Beibehaltung der \u00dcberzahlungen<\/span><\/li>\n<li><span style=\"color: #000000;\">&nbsp;&nbsp;&nbsp; Einf\u00fchrung von <strong>Jubil\u00e4umsgeldern<\/strong> bei den Forstarbeitern, Sennen und Landarbeitern in H\u00f6he von je einem Monatslohn nach einer Besch\u00e4ftigungsdauer von <\/span><span style=\"color: #000000;\">15, 25 und 35 Jahren. Die Lehrzeit wird angerechnet.<\/span><\/li>\n<li><span style=\"color: #000000;\">&nbsp;&nbsp; Anpassung des Taggeldes &nbsp;f\u00fcr Dienstnehmer in Fischzuchtbetrieben an den neuen steuerfreien Wert ab 2025.<\/span><\/li>\n<\/ul>\n<h2><a href=\"https:\/\/www.lak-vorarlberg.at\/index.php\/kollektivvertrage\/\">Kollektivvertr\u00e4ge 2025<\/a><\/h2>\n<p>&nbsp;<\/p>\n<\/div>\n<\/div><\/div><\/div><\/div><\/div>\n\n\n<p><\/p>\n","protected":false},"excerpt":{"rendered":"<p>Bei den KV Verhandlungen vom 21. Dezember wurde folgendes vereinbart: &nbsp; R\u00fcckwirkend g\u00fcltig ab 1.1.2024: Zusatzkollektivvertrag zur beitragsfreien Mitarbeiterpr\u00e4mie f\u00fcr die Gutsangestellten, Sennereien, Forstbetriebe, Landarbeiter und den Gartenbau. &nbsp; Mit G\u00fcltigkeit ab 1.1.2025: &nbsp;&nbsp;&nbsp; Erh\u00f6hung der KV L\u00f6hne sowie der Geh\u00e4lter und Lehrlingseinkommen der Gutsangestellten, Landarbeiter, G\u00e4rtner, Forstarbeiter und Sennen um 3,50 %. &nbsp;&nbsp;&nbsp; Erh\u00f6hung [&hellip;]<\/p>\n","protected":false},"author":2,"featured_media":12123,"comment_status":"open","ping_status":"open","sticky":false,"template":"","format":"standard","meta":{"ngg_post_thumbnail":0,"footnotes":""},"categories":[1],"tags":[],"class_list":["post-12120","post","type-post","status-publish","format-standard","has-post-thumbnail","hentry","category-allgemein"],"_links":{"self":[{"href":"https:\/\/www.lak-vorarlberg.at\/index.php\/wp-json\/wp\/v2\/posts\/12120","targetHints":{"allow":["GET"]}}],"collection":[{"href":"https:\/\/www.lak-vorarlberg.at\/index.php\/wp-json\/wp\/v2\/posts"}],"about":[{"href":"https:\/\/www.lak-vorarlberg.at\/index.php\/wp-json\/wp\/v2\/types\/post"}],"author":[{"embeddable":true,"href":"https:\/\/www.lak-vorarlberg.at\/index.php\/wp-json\/wp\/v2\/users\/2"}],"replies":[{"embeddable":true,"href":"https:\/\/www.lak-vorarlberg.at\/index.php\/wp-json\/wp\/v2\/comments?post=12120"}],"version-history":[{"count":13,"href":"https:\/\/www.lak-vorarlberg.at\/index.php\/wp-json\/wp\/v2\/posts\/12120\/revisions"}],"predecessor-version":[{"id":12158,"href":"https:\/\/www.lak-vorarlberg.at\/index.php\/wp-json\/wp\/v2\/posts\/12120\/revisions\/12158"}],"wp:featuredmedia":[{"embeddable":true,"href":"https:\/\/www.lak-vorarlberg.at\/index.php\/wp-json\/wp\/v2\/media\/12123"}],"wp:attachment":[{"href":"https:\/\/www.lak-vorarlberg.at\/index.php\/wp-json\/wp\/v2\/media?parent=12120"}],"wp:term":[{"taxonomy":"category","embeddable":true,"href":"https:\/\/www.lak-vorarlberg.at\/index.php\/wp-json\/wp\/v2\/categories?post=12120"},{"taxonomy":"post_tag","embeddable":true,"href":"https:\/\/www.lak-vorarlberg.at\/index.php\/wp-json\/wp\/v2\/tags?post=12120"}],"curies":[{"name":"wp","href":"https:\/\/api.w.org\/{rel}","templated":true}]}}