{"id":11949,"date":"2024-10-17T18:08:02","date_gmt":"2024-10-17T16:08:02","guid":{"rendered":"https:\/\/www.lak-vorarlberg.at\/?p=11949"},"modified":"2025-05-04T17:34:10","modified_gmt":"2025-05-04T15:34:10","slug":"ehrungsfeier-2024","status":"publish","type":"post","link":"https:\/\/www.lak-vorarlberg.at\/index.php\/2024\/10\/17\/ehrungsfeier-2024\/","title":{"rendered":"Ehrungsfeier 2024"},"content":{"rendered":"<div id=\"pl-gb11949-69f5105840903\"  class=\"panel-layout\" ><div id=\"pg-gb11949-69f5105840903-0\"  class=\"panel-grid panel-no-style\" ><div id=\"pgc-gb11949-69f5105840903-0-0\"  class=\"panel-grid-cell\" ><div id=\"panel-gb11949-69f5105840903-0-0-0\" class=\"so-panel widget widget_text panel-first-child panel-last-child\" data-index=\"0\" >\t\t\t<div class=\"textwidget\"><p>Im Rahmen einer w\u00fcrdigen Feier wurden am Dienstag den 15. Oktober im Gasthof Mohren in Rankweil langj\u00e4hrige Kammermitglieder f\u00fcr ihre T\u00e4tigkeit in der Land- und Forstwirtschaft ausgezeichnet.<\/p>\n<p>&nbsp;<\/p>\n<p>Vizepr\u00e4sident DI Hubert Malin und die KR Elisa Schlachter und KR Ing. Elmar N\u00f6ckl \u00fcbergaben Urkunden und Treuepr\u00e4mien an 26 verdiente Dienstnehmer\/-innen. Vizepr\u00e4sident Malin stellte die Geehrten jeweils in kurzer Form vor und umriss deren Werdegang mit treffenden Worten.<\/p>\n<\/div>\n\t\t<\/div><\/div><\/div><\/div>\n\n\nngg_shortcode_0_placeholder\n\n\n\n<p><\/p>\n","protected":false},"excerpt":{"rendered":"<p>Im Rahmen einer w\u00fcrdigen Feier wurden am Dienstag den 15. Oktober im Gasthof Mohren in Rankweil langj\u00e4hrige Kammermitglieder f\u00fcr ihre T\u00e4tigkeit in der Land- und Forstwirtschaft ausgezeichnet. &nbsp; Vizepr\u00e4sident DI Hubert Malin und die KR Elisa Schlachter und KR Ing. Elmar N\u00f6ckl \u00fcbergaben Urkunden und Treuepr\u00e4mien an 26 verdiente Dienstnehmer\/-innen. Vizepr\u00e4sident Malin stellte die Geehrten [&hellip;]<\/p>\n","protected":false},"author":2,"featured_media":12071,"comment_status":"open","ping_status":"open","sticky":false,"template":"","format":"standard","meta":{"ngg_post_thumbnail":0,"footnotes":""},"categories":[1],"tags":[],"class_list":["post-11949","post","type-post","status-publish","format-standard","has-post-thumbnail","hentry","category-allgemein"],"_links":{"self":[{"href":"https:\/\/www.lak-vorarlberg.at\/index.php\/wp-json\/wp\/v2\/posts\/11949","targetHints":{"allow":["GET"]}}],"collection":[{"href":"https:\/\/www.lak-vorarlberg.at\/index.php\/wp-json\/wp\/v2\/posts"}],"about":[{"href":"https:\/\/www.lak-vorarlberg.at\/index.php\/wp-json\/wp\/v2\/types\/post"}],"author":[{"embeddable":true,"href":"https:\/\/www.lak-vorarlberg.at\/index.php\/wp-json\/wp\/v2\/users\/2"}],"replies":[{"embeddable":true,"href":"https:\/\/www.lak-vorarlberg.at\/index.php\/wp-json\/wp\/v2\/comments?post=11949"}],"version-history":[{"count":5,"href":"https:\/\/www.lak-vorarlberg.at\/index.php\/wp-json\/wp\/v2\/posts\/11949\/revisions"}],"predecessor-version":[{"id":12074,"href":"https:\/\/www.lak-vorarlberg.at\/index.php\/wp-json\/wp\/v2\/posts\/11949\/revisions\/12074"}],"wp:featuredmedia":[{"embeddable":true,"href":"https:\/\/www.lak-vorarlberg.at\/index.php\/wp-json\/wp\/v2\/media\/12071"}],"wp:attachment":[{"href":"https:\/\/www.lak-vorarlberg.at\/index.php\/wp-json\/wp\/v2\/media?parent=11949"}],"wp:term":[{"taxonomy":"category","embeddable":true,"href":"https:\/\/www.lak-vorarlberg.at\/index.php\/wp-json\/wp\/v2\/categories?post=11949"},{"taxonomy":"post_tag","embeddable":true,"href":"https:\/\/www.lak-vorarlberg.at\/index.php\/wp-json\/wp\/v2\/tags?post=11949"}],"curies":[{"name":"wp","href":"https:\/\/api.w.org\/{rel}","templated":true}]}}