{"id":11790,"date":"2024-02-03T16:10:56","date_gmt":"2024-02-03T15:10:56","guid":{"rendered":"https:\/\/www.lak-vorarlberg.at\/?p=11790"},"modified":"2025-04-04T10:41:17","modified_gmt":"2025-04-04T08:41:17","slug":"meilenstein-in-der-land-und-forstwirtschaftlichen-berufsausbildung","status":"publish","type":"post","link":"https:\/\/www.lak-vorarlberg.at\/index.php\/2024\/02\/03\/meilenstein-in-der-land-und-forstwirtschaftlichen-berufsausbildung\/","title":{"rendered":"Meilenstein in der land- und forstwirtschaftlichen Berufsausbildung"},"content":{"rendered":"<div id=\"pl-gb11790-69f5b2c73c796\"  class=\"panel-layout\" ><div id=\"pg-gb11790-69f5b2c73c796-0\"  class=\"panel-grid panel-no-style\" ><div id=\"pgc-gb11790-69f5b2c73c796-0-0\"  class=\"panel-grid-cell\" ><div id=\"panel-gb11790-69f5b2c73c796-0-0-0\" class=\"so-panel widget widget_sow-editor panel-first-child panel-last-child\" data-index=\"0\" ><div\n\t\t\t\n\t\t\tclass=\"so-widget-sow-editor so-widget-sow-editor-base\"\n\t\t\t\n\t\t>\n<div class=\"siteorigin-widget-tinymce textwidget\">\n\t<h3>Der \u00d6sterreichische Landarbeiterkammertag begr\u00fc\u00dft den Ministerratsbeschluss f\u00fcr ein neues bundesweit vereinheitlichtes land- und forstwirtschaftliches Berufsausbildungsgesetz.<\/h3>\n<p>&nbsp;<\/p>\n<p>\u201eDas Gesetz ist ein absoluter Meilenstein f\u00fcr die gesamte Berufsausbildung in der Land- und Forstwirtschaft und wegweisend f\u00fcr eine erfolgreiche Zukunft\u201d, so die erste Reaktion des \u00d6LAKT-Vorsitzenden und Pr\u00e4sidenten der N\u00d6 LAK Andreas Freistetter zum Ministerratsbeschluss f\u00fcr ein neues land- und forstwirtschaftliches Berufsausbildungsgesetz.<\/p>\n<p>Die bundesweite Vereinheitlichung des land- und forstwirtschaftlichen Berufsausbildungsgesetzes war ein zentrales Anliegen der Landarbeiterkammern, die als Arbeitnehmer-Interessenvertretung bis zuletzt in die Gespr\u00e4che auf Bundesebene mit dem Ministerium und Sozialpartnern eingebunden waren.<\/p>\n<p>\u201eDie Land- und Forstwirtschaft braucht gerade in Zeiten des Klimawandels gut ausgebildeten Nachwuchs. Mit dem neuen Gesetz ist gew\u00e4hrleistet, dass f\u00fcr alle Lehr- und Fachausbildungen bundesweit die gleichen Rahmenbedingungen gelten und somit eine qualitativ hochwertige Ausbildung gew\u00e4hrleistet ist\u201d, freut sich Freistetter.<\/p>\n<p>Die zweite wichtige Neuerung ist die bundesweite Etablierung eines neuen Lehrberufes. Mit der Lehre zum Berufsj\u00e4ger kommt zu den bislang 15 land- und forstwirtschaftlichen Lehrberufen ein neuer, 16. Lehrberuf hinzu. \u201eNaturraummanagement und das Zusammenspiel von Wald und Wild haben in vielen Forst-, Jagd- und Gutsbetrieben an Bedeutung gewonnen, sodass wir f\u00fcr ausgebildete Berufsj\u00e4ger zuk\u00fcnftig zahlreiche Besch\u00e4ftigungsm\u00f6glichkeiten sehen\u201d, betont Freistetter, der nun auf eine m\u00f6glichst breite Zustimmung zum neuen Gesetz im Nationalrat hofft.<\/p>\n<p>\u201eGerade in der Land- und Forstwirtschaft ben\u00f6tigen wir gut ausgebildete Fachkr\u00e4fte. Die Facharbeiterausbildung und Meisterausbildung sichert die Weitergabe der praxisnahen Ausbildung f\u00fcr unsere Land- und Forstwirtschaft und bereitet B\u00e4uerinnen und Bauern darauf vor, sich selbst bzw. ihre Betriebe optimal f\u00fcr die Zukunft aufzustellen. Meisterinnen und Meister sind damit die Fachkr\u00e4fte und F\u00fchrungskr\u00e4fte der Zukunft. Ich freue mich mit dem Berufsausbildungsgesetz nun weitere Unterst\u00fctzung und Entlastung f\u00fcr die Fachkr\u00e4fte zu bewirken\u201d, so Bundesminister Norbert Totschnig.<\/p>\n<p><em>Quelle: \u00d6LAKT<\/em><\/p>\n<p><em>Foto: DNS&nbsp;<\/em><\/p>\n<p>&nbsp;<\/p>\n<p>&nbsp;<\/p>\n<\/div>\n<\/div><\/div><\/div><\/div><\/div>","protected":false},"excerpt":{"rendered":"<p>Der \u00d6sterreichische Landarbeiterkammertag begr\u00fc\u00dft den Ministerratsbeschluss f\u00fcr ein neues bundesweit vereinheitlichtes land- und forstwirtschaftliches Berufsausbildungsgesetz. &nbsp; \u201eDas Gesetz ist ein absoluter Meilenstein f\u00fcr die gesamte Berufsausbildung in der Land- und Forstwirtschaft und wegweisend f\u00fcr eine erfolgreiche Zukunft\u201d, so die erste Reaktion des \u00d6LAKT-Vorsitzenden und Pr\u00e4sidenten der N\u00d6 LAK Andreas Freistetter zum Ministerratsbeschluss f\u00fcr ein neues [&hellip;]<\/p>\n","protected":false},"author":2,"featured_media":11789,"comment_status":"open","ping_status":"open","sticky":false,"template":"","format":"standard","meta":{"ngg_post_thumbnail":0,"footnotes":""},"categories":[1],"tags":[],"class_list":["post-11790","post","type-post","status-publish","format-standard","has-post-thumbnail","hentry","category-allgemein"],"_links":{"self":[{"href":"https:\/\/www.lak-vorarlberg.at\/index.php\/wp-json\/wp\/v2\/posts\/11790","targetHints":{"allow":["GET"]}}],"collection":[{"href":"https:\/\/www.lak-vorarlberg.at\/index.php\/wp-json\/wp\/v2\/posts"}],"about":[{"href":"https:\/\/www.lak-vorarlberg.at\/index.php\/wp-json\/wp\/v2\/types\/post"}],"author":[{"embeddable":true,"href":"https:\/\/www.lak-vorarlberg.at\/index.php\/wp-json\/wp\/v2\/users\/2"}],"replies":[{"embeddable":true,"href":"https:\/\/www.lak-vorarlberg.at\/index.php\/wp-json\/wp\/v2\/comments?post=11790"}],"version-history":[{"count":4,"href":"https:\/\/www.lak-vorarlberg.at\/index.php\/wp-json\/wp\/v2\/posts\/11790\/revisions"}],"predecessor-version":[{"id":12086,"href":"https:\/\/www.lak-vorarlberg.at\/index.php\/wp-json\/wp\/v2\/posts\/11790\/revisions\/12086"}],"wp:featuredmedia":[{"embeddable":true,"href":"https:\/\/www.lak-vorarlberg.at\/index.php\/wp-json\/wp\/v2\/media\/11789"}],"wp:attachment":[{"href":"https:\/\/www.lak-vorarlberg.at\/index.php\/wp-json\/wp\/v2\/media?parent=11790"}],"wp:term":[{"taxonomy":"category","embeddable":true,"href":"https:\/\/www.lak-vorarlberg.at\/index.php\/wp-json\/wp\/v2\/categories?post=11790"},{"taxonomy":"post_tag","embeddable":true,"href":"https:\/\/www.lak-vorarlberg.at\/index.php\/wp-json\/wp\/v2\/tags?post=11790"}],"curies":[{"name":"wp","href":"https:\/\/api.w.org\/{rel}","templated":true}]}}