{"id":11178,"date":"2022-09-21T22:06:29","date_gmt":"2022-09-21T20:06:29","guid":{"rendered":"https:\/\/www.lak-vorarlberg.at\/?p=11178"},"modified":"2023-05-07T18:41:42","modified_gmt":"2023-05-07T16:41:42","slug":"ehrungsfeier-2022","status":"publish","type":"post","link":"https:\/\/www.lak-vorarlberg.at\/index.php\/2022\/09\/21\/ehrungsfeier-2022\/","title":{"rendered":"Ehrungsfeier 2022"},"content":{"rendered":"<div id=\"pl-gb11178-69f0b1c4f0546\"  class=\"panel-layout\" ><div id=\"pg-gb11178-69f0b1c4f0546-0\"  class=\"panel-grid panel-no-style\" ><div id=\"pgc-gb11178-69f0b1c4f0546-0-0\"  class=\"panel-grid-cell\" ><div id=\"panel-gb11178-69f0b1c4f0546-0-0-0\" class=\"so-panel widget widget_text panel-first-child panel-last-child\" data-index=\"0\" >\t\t\t<div class=\"textwidget\"><p>Im Rahmen einer w\u00fcrdigen Feier wurden am Dienstag den 20. Sep. im Gasthof Mohren in Rankweil langj\u00e4hrige Kammermitglieder f\u00fcr ihre T\u00e4tigkeit in der Land- und Forstwirtschaft ausgezeichnet.<\/p>\n<p>&nbsp;<\/p>\n<p>Vizepr\u00e4sident DI Hubert Malin und die KR Elisa Schlachter und KR Ing. Elmar N\u00f6ckl \u00fcbergaben Urkunden und Treuepr\u00e4mien an 24 verdiente Dienstnehmer\/-innen. Vizepr\u00e4sident Malin stellte die Geehrten jeweils in kurzer Form vor und umriss deren Werdegang mit treffenden Worten.<\/p>\n<p>&nbsp;<\/p>\n<\/div>\n\t\t<\/div><\/div><\/div><\/div>\n\n\nngg_shortcode_0_placeholder\n","protected":false},"excerpt":{"rendered":"<p>Im Rahmen einer w\u00fcrdigen Feier wurden am Dienstag den 20. Sep. im Gasthof Mohren in Rankweil langj\u00e4hrige Kammermitglieder f\u00fcr ihre T\u00e4tigkeit in der Land- und Forstwirtschaft ausgezeichnet. &nbsp; Vizepr\u00e4sident DI Hubert Malin und die KR Elisa Schlachter und KR Ing. Elmar N\u00f6ckl \u00fcbergaben Urkunden und Treuepr\u00e4mien an 24 verdiente Dienstnehmer\/-innen. Vizepr\u00e4sident Malin stellte die Geehrten [&hellip;]<\/p>\n","protected":false},"author":2,"featured_media":11188,"comment_status":"open","ping_status":"open","sticky":false,"template":"","format":"standard","meta":{"ngg_post_thumbnail":0,"footnotes":""},"categories":[1],"tags":[],"class_list":["post-11178","post","type-post","status-publish","format-standard","has-post-thumbnail","hentry","category-allgemein"],"_links":{"self":[{"href":"https:\/\/www.lak-vorarlberg.at\/index.php\/wp-json\/wp\/v2\/posts\/11178","targetHints":{"allow":["GET"]}}],"collection":[{"href":"https:\/\/www.lak-vorarlberg.at\/index.php\/wp-json\/wp\/v2\/posts"}],"about":[{"href":"https:\/\/www.lak-vorarlberg.at\/index.php\/wp-json\/wp\/v2\/types\/post"}],"author":[{"embeddable":true,"href":"https:\/\/www.lak-vorarlberg.at\/index.php\/wp-json\/wp\/v2\/users\/2"}],"replies":[{"embeddable":true,"href":"https:\/\/www.lak-vorarlberg.at\/index.php\/wp-json\/wp\/v2\/comments?post=11178"}],"version-history":[{"count":6,"href":"https:\/\/www.lak-vorarlberg.at\/index.php\/wp-json\/wp\/v2\/posts\/11178\/revisions"}],"predecessor-version":[{"id":11189,"href":"https:\/\/www.lak-vorarlberg.at\/index.php\/wp-json\/wp\/v2\/posts\/11178\/revisions\/11189"}],"wp:featuredmedia":[{"embeddable":true,"href":"https:\/\/www.lak-vorarlberg.at\/index.php\/wp-json\/wp\/v2\/media\/11188"}],"wp:attachment":[{"href":"https:\/\/www.lak-vorarlberg.at\/index.php\/wp-json\/wp\/v2\/media?parent=11178"}],"wp:term":[{"taxonomy":"category","embeddable":true,"href":"https:\/\/www.lak-vorarlberg.at\/index.php\/wp-json\/wp\/v2\/categories?post=11178"},{"taxonomy":"post_tag","embeddable":true,"href":"https:\/\/www.lak-vorarlberg.at\/index.php\/wp-json\/wp\/v2\/tags?post=11178"}],"curies":[{"name":"wp","href":"https:\/\/api.w.org\/{rel}","templated":true}]}}